{"id":27103,"date":"2014-05-24T14:07:14","date_gmt":"2014-05-24T18:07:14","guid":{"rendered":"https:\/\/www.aircharter.com\/?p=27103"},"modified":"2014-05-24T14:11:12","modified_gmt":"2014-05-24T18:11:12","slug":"video-volando-privado-vs-commercial","status":"publish","type":"post","link":"https:\/\/www.aircharter.com\/es\/video-volando-privado-vs-commercial\/","title":{"rendered":"Video: Volando Privado vs Commercial"},"content":{"rendered":"<p>Un video por Cessna nos muestra un ejemplo r\u00e1pido de cu\u00e1nto m\u00e1s r\u00e1pido es volar privado.<br \/>\nSiguieron dos empresarios de Chattanooga, ambos con el mismo destino: un edificio de oficinas en la calle 42 en Times Square, Nueva York. Les hice una en el vuelo comercial m\u00e1s directa que hemos podido encontrar, y el otro en una privada Cessna Citation CJ2 +. Con equipos de c\u00e1mara siguiendo todos sus movimientos, tenemos un punto de vista de lado a lado de lo importante que es su m\u00e9todo elegido de transporte a\u00e9reo puede ser. Al final, s\u00f3lo hay que preguntarse: \u00bfest\u00e1s listo para continuar con su vida?<\/p>\n","protected":false},"excerpt":{"rendered":"<p>Un video por Cessna nos muestra un ejemplo r\u00e1pido de cu\u00e1nto m\u00e1s r\u00e1pido es volar privado. Siguieron dos empresarios de Chattanooga, ambos con el mismo destino: un edificio de oficinas en la calle 42 en Times Square, Nueva York. Les hice una en el vuelo comercial m\u00e1s directa que hemos podido encontrar, y el otro en una privada Cessna Citation CJ2 +. Con equipos de c\u00e1mara siguiendo todos sus movimientos, tenemos un punto de vista de lado a lado de lo importante que es su m\u00e9todo elegido de transporte a\u00e9reo puede ser. Al final, s\u00f3lo hay que preguntarse: \u00bfest\u00e1s listo para continuar con su vida?<\/p>\n","protected":false},"author":12,"featured_media":0,"comment_status":"closed","ping_status":"closed","sticky":false,"template":"","format":"video","meta":{"footnotes":""},"categories":[265],"tags":[],"class_list":["post-27103","post","type-post","status-publish","format-video","hentry","category-sin-categorizar","post_format-post-format-video"],"yoast_head":"<!-- This site is optimized with the Yoast SEO plugin v27.4 - https:\/\/yoast.com\/product\/yoast-seo-wordpress\/ -->\n<title>Video: Volando Privado vs Commercial - Aircharter<\/title>\n<meta name=\"robots\" content=\"index, follow, max-snippet:-1, max-image-preview:large, max-video-preview:-1\" \/>\n<link rel=\"canonical\" href=\"https:\/\/www.aircharter.com\/video-volando-privado-vs-commercial\/\" \/>\n<meta property=\"og:locale\" content=\"es_ES\" \/>\n<meta property=\"og:type\" content=\"article\" \/>\n<meta property=\"og:title\" content=\"Video: Volando Privado vs Commercial - Aircharter\" \/>\n<meta property=\"og:description\" content=\"Un video por Cessna nos muestra un ejemplo r\u00e1pido de cu\u00e1nto m\u00e1s r\u00e1pido es volar privado. Siguieron dos empresarios de Chattanooga, ambos con el mismo destino: un edificio de oficinas en la calle 42 en Times Square, Nueva York. Les hice una en el vuelo comercial m\u00e1s directa que hemos podido encontrar, y el otro en una privada Cessna Citation CJ2 +. Con equipos de c\u00e1mara siguiendo todos sus movimientos, tenemos un punto de vista de lado a lado de lo importante que es su m\u00e9todo elegido de transporte a\u00e9reo puede ser. Al final, s\u00f3lo hay que preguntarse: \u00bfest\u00e1s listo para continuar con su vida?\" \/>\n<meta property=\"og:url\" content=\"https:\/\/www.aircharter.com\/video-volando-privado-vs-commercial\/\" \/>\n<meta property=\"og:site_name\" content=\"Aircharter\" \/>\n<meta property=\"article:published_time\" content=\"2014-05-24T18:07:14+00:00\" \/>\n<meta property=\"article:modified_time\" content=\"2014-05-24T18:11:12+00:00\" \/>\n<meta name=\"author\" content=\"Alex Becket\" \/>\n<meta name=\"twitter:card\" content=\"summary_large_image\" \/>\n<meta name=\"twitter:label1\" content=\"Escrito por\" \/>\n\t<meta name=\"twitter:data1\" content=\"Alex Becket\" \/>\n\t<meta name=\"twitter:label2\" content=\"Tiempo de lectura\" \/>\n\t<meta name=\"twitter:data2\" content=\"1 minuto\" \/>\n<script type=\"application\/ld+json\" class=\"yoast-schema-graph\">{\"@context\":\"https:\\\/\\\/schema.org\",\"@graph\":[{\"@type\":\"Article\",\"@id\":\"https:\\\/\\\/www.aircharter.com\\\/video-volando-privado-vs-commercial\\\/#article\",\"isPartOf\":{\"@id\":\"https:\\\/\\\/www.aircharter.com\\\/video-volando-privado-vs-commercial\\\/\"},\"author\":{\"name\":\"Alex Becket\",\"@id\":\"https:\\\/\\\/www.aircharter.com\\\/de\\\/#\\\/schema\\\/person\\\/a24f88ed3e36226e1f3ca49e68229fd0\"},\"headline\":\"Video: Volando Privado vs Commercial\",\"datePublished\":\"2014-05-24T18:07:14+00:00\",\"dateModified\":\"2014-05-24T18:11:12+00:00\",\"mainEntityOfPage\":{\"@id\":\"https:\\\/\\\/www.aircharter.com\\\/video-volando-privado-vs-commercial\\\/\"},\"wordCount\":118,\"publisher\":{\"@id\":\"https:\\\/\\\/www.aircharter.com\\\/de\\\/#organization\"},\"articleSection\":[\"Sin categorizar\"],\"inLanguage\":\"es\"},{\"@type\":\"WebPage\",\"@id\":\"https:\\\/\\\/www.aircharter.com\\\/video-volando-privado-vs-commercial\\\/\",\"url\":\"https:\\\/\\\/www.aircharter.com\\\/video-volando-privado-vs-commercial\\\/\",\"name\":\"Video: Volando Privado vs Commercial - Aircharter\",\"isPartOf\":{\"@id\":\"https:\\\/\\\/www.aircharter.com\\\/de\\\/#website\"},\"datePublished\":\"2014-05-24T18:07:14+00:00\",\"dateModified\":\"2014-05-24T18:11:12+00:00\",\"breadcrumb\":{\"@id\":\"https:\\\/\\\/www.aircharter.com\\\/video-volando-privado-vs-commercial\\\/#breadcrumb\"},\"inLanguage\":\"es\",\"potentialAction\":[{\"@type\":\"ReadAction\",\"target\":[\"https:\\\/\\\/www.aircharter.com\\\/video-volando-privado-vs-commercial\\\/\"]}]},{\"@type\":\"BreadcrumbList\",\"@id\":\"https:\\\/\\\/www.aircharter.com\\\/video-volando-privado-vs-commercial\\\/#breadcrumb\",\"itemListElement\":[{\"@type\":\"ListItem\",\"position\":1,\"name\":\"Home\",\"item\":\"https:\\\/\\\/www.aircharter.com\\\/\"},{\"@type\":\"ListItem\",\"position\":2,\"name\":\"Video: Volando Privado vs Commercial\"}]},{\"@type\":\"WebSite\",\"@id\":\"https:\\\/\\\/www.aircharter.com\\\/de\\\/#website\",\"url\":\"https:\\\/\\\/www.aircharter.com\\\/de\\\/\",\"name\":\"Aircharter\",\"description\":\"Air Charter | Private Jet Charter &amp; Rental | Fly Smarter | Hire a Business Jet\",\"publisher\":{\"@id\":\"https:\\\/\\\/www.aircharter.com\\\/de\\\/#organization\"},\"potentialAction\":[{\"@type\":\"SearchAction\",\"target\":{\"@type\":\"EntryPoint\",\"urlTemplate\":\"https:\\\/\\\/www.aircharter.com\\\/de\\\/?s={search_term_string}\"},\"query-input\":{\"@type\":\"PropertyValueSpecification\",\"valueRequired\":true,\"valueName\":\"search_term_string\"}}],\"inLanguage\":\"es\"},{\"@type\":\"Organization\",\"@id\":\"https:\\\/\\\/www.aircharter.com\\\/de\\\/#organization\",\"name\":\"Aircharter.com LLC\",\"url\":\"https:\\\/\\\/www.aircharter.com\\\/de\\\/\",\"logo\":{\"@type\":\"ImageObject\",\"inLanguage\":\"es\",\"@id\":\"https:\\\/\\\/www.aircharter.com\\\/de\\\/#\\\/schema\\\/logo\\\/image\\\/\",\"url\":\"https:\\\/\\\/www.aircharter.com\\\/wp-content\\\/uploads\\\/2022\\\/12\\\/Aircharter_logo_114X1141-11.png\",\"contentUrl\":\"https:\\\/\\\/www.aircharter.com\\\/wp-content\\\/uploads\\\/2022\\\/12\\\/Aircharter_logo_114X1141-11.png\",\"width\":114,\"height\":114,\"caption\":\"Aircharter.com LLC\"},\"image\":{\"@id\":\"https:\\\/\\\/www.aircharter.com\\\/de\\\/#\\\/schema\\\/logo\\\/image\\\/\"}},{\"@type\":\"Person\",\"@id\":\"https:\\\/\\\/www.aircharter.com\\\/de\\\/#\\\/schema\\\/person\\\/a24f88ed3e36226e1f3ca49e68229fd0\",\"name\":\"Alex Becket\",\"image\":{\"@type\":\"ImageObject\",\"inLanguage\":\"es\",\"@id\":\"https:\\\/\\\/secure.gravatar.com\\\/avatar\\\/4e060ebb761f63d210c87982c82705931305715baad0e5201c43f02af6411d63?s=96&r=g\",\"url\":\"https:\\\/\\\/secure.gravatar.com\\\/avatar\\\/4e060ebb761f63d210c87982c82705931305715baad0e5201c43f02af6411d63?s=96&r=g\",\"contentUrl\":\"https:\\\/\\\/secure.gravatar.com\\\/avatar\\\/4e060ebb761f63d210c87982c82705931305715baad0e5201c43f02af6411d63?s=96&r=g\",\"caption\":\"Alex Becket\"},\"description\":\"Mr Becket is a large part of our charter team with a specialty in South American destinations and aircraft. He knows the ins and outs of best practices for flying to Caribbean and other South American destinations, as well as the associated aircraft choices available in those regions. Mr Becket also has enough aviation experience to share his opinions with us through his captivating blog posts.\",\"sameAs\":[\"http:\\\/\\\/www.aircharter.com\"]}]}<\/script>\n<!-- \/ Yoast SEO plugin. -->","yoast_head_json":{"title":"Video: Volando Privado vs Commercial - Aircharter","robots":{"index":"index","follow":"follow","max-snippet":"max-snippet:-1","max-image-preview":"max-image-preview:large","max-video-preview":"max-video-preview:-1"},"canonical":"https:\/\/www.aircharter.com\/video-volando-privado-vs-commercial\/","og_locale":"es_ES","og_type":"article","og_title":"Video: Volando Privado vs Commercial - Aircharter","og_description":"Un video por Cessna nos muestra un ejemplo r\u00e1pido de cu\u00e1nto m\u00e1s r\u00e1pido es volar privado. Siguieron dos empresarios de Chattanooga, ambos con el mismo destino: un edificio de oficinas en la calle 42 en Times Square, Nueva York. Les hice una en el vuelo comercial m\u00e1s directa que hemos podido encontrar, y el otro en una privada Cessna Citation CJ2 +. Con equipos de c\u00e1mara siguiendo todos sus movimientos, tenemos un punto de vista de lado a lado de lo importante que es su m\u00e9todo elegido de transporte a\u00e9reo puede ser. Al final, s\u00f3lo hay que preguntarse: \u00bfest\u00e1s listo para continuar con su vida?","og_url":"https:\/\/www.aircharter.com\/video-volando-privado-vs-commercial\/","og_site_name":"Aircharter","article_published_time":"2014-05-24T18:07:14+00:00","article_modified_time":"2014-05-24T18:11:12+00:00","author":"Alex Becket","twitter_card":"summary_large_image","twitter_misc":{"Escrito por":"Alex Becket","Tiempo de lectura":"1 minuto"},"schema":{"@context":"https:\/\/schema.org","@graph":[{"@type":"Article","@id":"https:\/\/www.aircharter.com\/video-volando-privado-vs-commercial\/#article","isPartOf":{"@id":"https:\/\/www.aircharter.com\/video-volando-privado-vs-commercial\/"},"author":{"name":"Alex Becket","@id":"https:\/\/www.aircharter.com\/de\/#\/schema\/person\/a24f88ed3e36226e1f3ca49e68229fd0"},"headline":"Video: Volando Privado vs Commercial","datePublished":"2014-05-24T18:07:14+00:00","dateModified":"2014-05-24T18:11:12+00:00","mainEntityOfPage":{"@id":"https:\/\/www.aircharter.com\/video-volando-privado-vs-commercial\/"},"wordCount":118,"publisher":{"@id":"https:\/\/www.aircharter.com\/de\/#organization"},"articleSection":["Sin categorizar"],"inLanguage":"es"},{"@type":"WebPage","@id":"https:\/\/www.aircharter.com\/video-volando-privado-vs-commercial\/","url":"https:\/\/www.aircharter.com\/video-volando-privado-vs-commercial\/","name":"Video: Volando Privado vs Commercial - Aircharter","isPartOf":{"@id":"https:\/\/www.aircharter.com\/de\/#website"},"datePublished":"2014-05-24T18:07:14+00:00","dateModified":"2014-05-24T18:11:12+00:00","breadcrumb":{"@id":"https:\/\/www.aircharter.com\/video-volando-privado-vs-commercial\/#breadcrumb"},"inLanguage":"es","potentialAction":[{"@type":"ReadAction","target":["https:\/\/www.aircharter.com\/video-volando-privado-vs-commercial\/"]}]},{"@type":"BreadcrumbList","@id":"https:\/\/www.aircharter.com\/video-volando-privado-vs-commercial\/#breadcrumb","itemListElement":[{"@type":"ListItem","position":1,"name":"Home","item":"https:\/\/www.aircharter.com\/"},{"@type":"ListItem","position":2,"name":"Video: Volando Privado vs Commercial"}]},{"@type":"WebSite","@id":"https:\/\/www.aircharter.com\/de\/#website","url":"https:\/\/www.aircharter.com\/de\/","name":"Aircharter","description":"Air Charter | Private Jet Charter &amp; Rental | Fly Smarter | Hire a Business Jet","publisher":{"@id":"https:\/\/www.aircharter.com\/de\/#organization"},"potentialAction":[{"@type":"SearchAction","target":{"@type":"EntryPoint","urlTemplate":"https:\/\/www.aircharter.com\/de\/?s={search_term_string}"},"query-input":{"@type":"PropertyValueSpecification","valueRequired":true,"valueName":"search_term_string"}}],"inLanguage":"es"},{"@type":"Organization","@id":"https:\/\/www.aircharter.com\/de\/#organization","name":"Aircharter.com LLC","url":"https:\/\/www.aircharter.com\/de\/","logo":{"@type":"ImageObject","inLanguage":"es","@id":"https:\/\/www.aircharter.com\/de\/#\/schema\/logo\/image\/","url":"https:\/\/www.aircharter.com\/wp-content\/uploads\/2022\/12\/Aircharter_logo_114X1141-11.png","contentUrl":"https:\/\/www.aircharter.com\/wp-content\/uploads\/2022\/12\/Aircharter_logo_114X1141-11.png","width":114,"height":114,"caption":"Aircharter.com LLC"},"image":{"@id":"https:\/\/www.aircharter.com\/de\/#\/schema\/logo\/image\/"}},{"@type":"Person","@id":"https:\/\/www.aircharter.com\/de\/#\/schema\/person\/a24f88ed3e36226e1f3ca49e68229fd0","name":"Alex Becket","image":{"@type":"ImageObject","inLanguage":"es","@id":"https:\/\/secure.gravatar.com\/avatar\/4e060ebb761f63d210c87982c82705931305715baad0e5201c43f02af6411d63?s=96&r=g","url":"https:\/\/secure.gravatar.com\/avatar\/4e060ebb761f63d210c87982c82705931305715baad0e5201c43f02af6411d63?s=96&r=g","contentUrl":"https:\/\/secure.gravatar.com\/avatar\/4e060ebb761f63d210c87982c82705931305715baad0e5201c43f02af6411d63?s=96&r=g","caption":"Alex Becket"},"description":"Mr Becket is a large part of our charter team with a specialty in South American destinations and aircraft. He knows the ins and outs of best practices for flying to Caribbean and other South American destinations, as well as the associated aircraft choices available in those regions. Mr Becket also has enough aviation experience to share his opinions with us through his captivating blog posts.","sameAs":["http:\/\/www.aircharter.com"]}]}},"_links":{"self":[{"href":"https:\/\/www.aircharter.com\/es\/wp-json\/wp\/v2\/posts\/27103","targetHints":{"allow":["GET"]}}],"collection":[{"href":"https:\/\/www.aircharter.com\/es\/wp-json\/wp\/v2\/posts"}],"about":[{"href":"https:\/\/www.aircharter.com\/es\/wp-json\/wp\/v2\/types\/post"}],"author":[{"embeddable":true,"href":"https:\/\/www.aircharter.com\/es\/wp-json\/wp\/v2\/users\/12"}],"replies":[{"embeddable":true,"href":"https:\/\/www.aircharter.com\/es\/wp-json\/wp\/v2\/comments?post=27103"}],"version-history":[{"count":1,"href":"https:\/\/www.aircharter.com\/es\/wp-json\/wp\/v2\/posts\/27103\/revisions"}],"predecessor-version":[{"id":27104,"href":"https:\/\/www.aircharter.com\/es\/wp-json\/wp\/v2\/posts\/27103\/revisions\/27104"}],"wp:attachment":[{"href":"https:\/\/www.aircharter.com\/es\/wp-json\/wp\/v2\/media?parent=27103"}],"wp:term":[{"taxonomy":"category","embeddable":true,"href":"https:\/\/www.aircharter.com\/es\/wp-json\/wp\/v2\/categories?post=27103"},{"taxonomy":"post_tag","embeddable":true,"href":"https:\/\/www.aircharter.com\/es\/wp-json\/wp\/v2\/tags?post=27103"}],"curies":[{"name":"wp","href":"https:\/\/api.w.org\/{rel}","templated":true}]}}