{"id":30014,"date":"2017-05-27T10:28:29","date_gmt":"2017-05-27T14:28:29","guid":{"rendered":"https:\/\/www.aircharter.com\/?p=30014\/"},"modified":"2024-02-06T07:37:46","modified_gmt":"2024-02-06T12:37:46","slug":"airbus-launches-acj330neo","status":"publish","type":"post","link":"https:\/\/www.aircharter.com\/fr\/airbus-launches-acj330neo\/","title":{"rendered":"Airbus launches ACJ330neo"},"content":{"rendered":"<div class=\"fusion-fullwidth fullwidth-box fusion-builder-row-1 fusion-flex-container hundred-percent-fullwidth non-hundred-percent-height-scrolling\" style=\"--awb-border-radius-top-left:0px;--awb-border-radius-top-right:0px;--awb-border-radius-bottom-right:0px;--awb-border-radius-bottom-left:0px;--awb-overflow:visible;--awb-flex-wrap:wrap;\" ><div class=\"fusion-builder-row fusion-row fusion-flex-align-items-flex-start fusion-flex-content-wrap\" style=\"width:calc( 100% + 0px ) !important;max-width:calc( 100% + 0px ) !important;margin-left: calc(-0px \/ 2 );margin-right: calc(-0px \/ 2 );\"><div class=\"fusion-layout-column fusion_builder_column fusion-builder-column-0 fusion_builder_column_1_1 1_1 fusion-flex-column fusion-flex-align-self-flex-start fusion-column-no-min-height\" style=\"--awb-bg-size:cover;--awb-width-large:100%;--awb-margin-top-large:0px;--awb-spacing-right-large:0px;--awb-margin-bottom-large:0px;--awb-spacing-left-large:0px;--awb-width-medium:100%;--awb-spacing-right-medium:0px;--awb-spacing-left-medium:0px;--awb-width-small:100%;--awb-spacing-right-small:0px;--awb-spacing-left-small:0px;\"><div class=\"fusion-column-wrapper fusion-flex-justify-content-flex-start fusion-content-layout-column\"><div id=\"attachment_30015\" style=\"width: 474px\" class=\"wp-caption alignleft\"><a href=\"https:\/\/www.aircharter.com\/wp-content\/uploads\/2017\/05\/ACJ330neo.jpg\"><img decoding=\"async\" aria-describedby=\"caption-attachment-30015\" class=\"wp-image-30015\" src=\"https:\/\/www.aircharter.com\/wp-content\/uploads\/2017\/05\/ACJ330neo-300x169.jpg\" alt=\"ACJ330neo\" width=\"464\" height=\"261\" srcset=\"https:\/\/www.aircharter.com\/wp-content\/uploads\/2017\/05\/ACJ330neo-300x169.jpg 300w, https:\/\/www.aircharter.com\/wp-content\/uploads\/2017\/05\/ACJ330neo.jpg 600w\" sizes=\"(max-width: 464px) 100vw, 464px\" \/><\/a><p id=\"caption-attachment-30015\" class=\"wp-caption-text\">ACJ330neo<\/p><\/div>\n<p><strong>Airbus<\/strong> has officially launched the <em>ACJ330neo<\/em> private jet, completing its lineup of new engine option aircraft.<\/p>\n<p>Based on the A330neo commercial airliner, the <strong>ACJ330neo<\/strong> will be able to fly 25 passengers for up to 20 hours.<\/p>\n<p>\u201cFor customers, such as countries needing to fly heads of state and delegations worldwide on government business, the ACJ330neo offers an unbeatable combination of modern design, proven capability and productivity, as well as being part of the world\u2019s best-selling widebody family,\u201d John Leahy, COO, Airbus.<\/p>\n<p>Powered by twin Rolls Royce Trent 7000 engines, the aircraft is expected to use 12% less fuel than the original A330.<\/p>\n<p>Customer deliveries of the airline version are due to begin in 2018, with the first production slot for the ACJ version reserved for 2019.<\/p>\n<p>&nbsp;<\/p>\n<p>Source: CorporateJetInvestor.<\/div><\/div><\/div><\/div>\n","protected":false},"excerpt":{"rendered":"","protected":false},"author":30,"featured_media":30015,"comment_status":"closed","ping_status":"closed","sticky":false,"template":"","format":"standard","meta":{"footnotes":""},"categories":[1],"tags":[],"class_list":["post-30014","post","type-post","status-publish","format-standard","has-post-thumbnail","hentry","category-aircharter"],"yoast_head":"<!-- This site is optimized with the Yoast SEO plugin v27.4 - https:\/\/yoast.com\/product\/yoast-seo-wordpress\/ -->\n<title>Airbus launches ACJ330neo - Aircharter<\/title>\n<meta name=\"robots\" content=\"index, follow, max-snippet:-1, max-image-preview:large, max-video-preview:-1\" \/>\n<link rel=\"canonical\" href=\"https:\/\/www.aircharter.com\/airbus-launches-acj330neo\/\" \/>\n<meta property=\"og:locale\" content=\"fr_FR\" \/>\n<meta property=\"og:type\" content=\"article\" \/>\n<meta property=\"og:title\" content=\"Airbus launches ACJ330neo - Aircharter\" \/>\n<meta property=\"og:url\" content=\"https:\/\/www.aircharter.com\/airbus-launches-acj330neo\/\" \/>\n<meta property=\"og:site_name\" content=\"Aircharter\" \/>\n<meta property=\"article:published_time\" content=\"2017-05-27T14:28:29+00:00\" \/>\n<meta property=\"article:modified_time\" content=\"2024-02-06T12:37:46+00:00\" \/>\n<meta property=\"og:image\" content=\"https:\/\/www.aircharter.com\/wp-content\/uploads\/2017\/05\/ACJ330neo.jpg\" \/>\n\t<meta property=\"og:image:width\" content=\"600\" \/>\n\t<meta property=\"og:image:height\" content=\"338\" \/>\n\t<meta property=\"og:image:type\" content=\"image\/jpeg\" \/>\n<meta name=\"author\" content=\"Sarah Larson\" \/>\n<meta name=\"twitter:card\" content=\"summary_large_image\" \/>\n<meta name=\"twitter:label1\" content=\"\u00c9crit par\" \/>\n\t<meta name=\"twitter:data1\" content=\"Sarah Larson\" \/>\n\t<meta name=\"twitter:label2\" content=\"Dur\u00e9e de lecture estim\u00e9e\" \/>\n\t<meta name=\"twitter:data2\" content=\"1 minute\" \/>\n<script type=\"application\/ld+json\" class=\"yoast-schema-graph\">{\"@context\":\"https:\\\/\\\/schema.org\",\"@graph\":[{\"@type\":\"Article\",\"@id\":\"https:\\\/\\\/www.aircharter.com\\\/airbus-launches-acj330neo\\\/#article\",\"isPartOf\":{\"@id\":\"https:\\\/\\\/www.aircharter.com\\\/airbus-launches-acj330neo\\\/\"},\"author\":{\"name\":\"Sarah Larson\",\"@id\":\"https:\\\/\\\/www.aircharter.com\\\/de\\\/#\\\/schema\\\/person\\\/e765ec622c5a0d84aa51e5bed6b8365d\"},\"headline\":\"Airbus launches ACJ330neo\",\"datePublished\":\"2017-05-27T14:28:29+00:00\",\"dateModified\":\"2024-02-06T12:37:46+00:00\",\"mainEntityOfPage\":{\"@id\":\"https:\\\/\\\/www.aircharter.com\\\/airbus-launches-acj330neo\\\/\"},\"wordCount\":211,\"publisher\":{\"@id\":\"https:\\\/\\\/www.aircharter.com\\\/de\\\/#organization\"},\"image\":{\"@id\":\"https:\\\/\\\/www.aircharter.com\\\/airbus-launches-acj330neo\\\/#primaryimage\"},\"thumbnailUrl\":\"https:\\\/\\\/www.aircharter.com\\\/wp-content\\\/uploads\\\/2017\\\/05\\\/ACJ330neo.jpg\",\"articleSection\":[\"Aircharter News\"],\"inLanguage\":\"fr-FR\"},{\"@type\":\"WebPage\",\"@id\":\"https:\\\/\\\/www.aircharter.com\\\/airbus-launches-acj330neo\\\/\",\"url\":\"https:\\\/\\\/www.aircharter.com\\\/airbus-launches-acj330neo\\\/\",\"name\":\"Airbus launches ACJ330neo - Aircharter\",\"isPartOf\":{\"@id\":\"https:\\\/\\\/www.aircharter.com\\\/de\\\/#website\"},\"primaryImageOfPage\":{\"@id\":\"https:\\\/\\\/www.aircharter.com\\\/airbus-launches-acj330neo\\\/#primaryimage\"},\"image\":{\"@id\":\"https:\\\/\\\/www.aircharter.com\\\/airbus-launches-acj330neo\\\/#primaryimage\"},\"thumbnailUrl\":\"https:\\\/\\\/www.aircharter.com\\\/wp-content\\\/uploads\\\/2017\\\/05\\\/ACJ330neo.jpg\",\"datePublished\":\"2017-05-27T14:28:29+00:00\",\"dateModified\":\"2024-02-06T12:37:46+00:00\",\"breadcrumb\":{\"@id\":\"https:\\\/\\\/www.aircharter.com\\\/airbus-launches-acj330neo\\\/#breadcrumb\"},\"inLanguage\":\"fr-FR\",\"potentialAction\":[{\"@type\":\"ReadAction\",\"target\":[\"https:\\\/\\\/www.aircharter.com\\\/airbus-launches-acj330neo\\\/\"]}]},{\"@type\":\"ImageObject\",\"inLanguage\":\"fr-FR\",\"@id\":\"https:\\\/\\\/www.aircharter.com\\\/airbus-launches-acj330neo\\\/#primaryimage\",\"url\":\"https:\\\/\\\/www.aircharter.com\\\/wp-content\\\/uploads\\\/2017\\\/05\\\/ACJ330neo.jpg\",\"contentUrl\":\"https:\\\/\\\/www.aircharter.com\\\/wp-content\\\/uploads\\\/2017\\\/05\\\/ACJ330neo.jpg\",\"width\":600,\"height\":338,\"caption\":\"ACJ330neo\"},{\"@type\":\"BreadcrumbList\",\"@id\":\"https:\\\/\\\/www.aircharter.com\\\/airbus-launches-acj330neo\\\/#breadcrumb\",\"itemListElement\":[{\"@type\":\"ListItem\",\"position\":1,\"name\":\"Home\",\"item\":\"https:\\\/\\\/www.aircharter.com\\\/\"},{\"@type\":\"ListItem\",\"position\":2,\"name\":\"Airbus launches ACJ330neo\"}]},{\"@type\":\"WebSite\",\"@id\":\"https:\\\/\\\/www.aircharter.com\\\/de\\\/#website\",\"url\":\"https:\\\/\\\/www.aircharter.com\\\/de\\\/\",\"name\":\"Aircharter\",\"description\":\"Air Charter | Private Jet Charter &amp; Rental | Fly Smarter | Hire a Business Jet\",\"publisher\":{\"@id\":\"https:\\\/\\\/www.aircharter.com\\\/de\\\/#organization\"},\"potentialAction\":[{\"@type\":\"SearchAction\",\"target\":{\"@type\":\"EntryPoint\",\"urlTemplate\":\"https:\\\/\\\/www.aircharter.com\\\/de\\\/?s={search_term_string}\"},\"query-input\":{\"@type\":\"PropertyValueSpecification\",\"valueRequired\":true,\"valueName\":\"search_term_string\"}}],\"inLanguage\":\"fr-FR\"},{\"@type\":\"Organization\",\"@id\":\"https:\\\/\\\/www.aircharter.com\\\/de\\\/#organization\",\"name\":\"Aircharter.com LLC\",\"url\":\"https:\\\/\\\/www.aircharter.com\\\/de\\\/\",\"logo\":{\"@type\":\"ImageObject\",\"inLanguage\":\"fr-FR\",\"@id\":\"https:\\\/\\\/www.aircharter.com\\\/de\\\/#\\\/schema\\\/logo\\\/image\\\/\",\"url\":\"https:\\\/\\\/www.aircharter.com\\\/wp-content\\\/uploads\\\/2022\\\/12\\\/Aircharter_logo_114X1141-11.png\",\"contentUrl\":\"https:\\\/\\\/www.aircharter.com\\\/wp-content\\\/uploads\\\/2022\\\/12\\\/Aircharter_logo_114X1141-11.png\",\"width\":114,\"height\":114,\"caption\":\"Aircharter.com LLC\"},\"image\":{\"@id\":\"https:\\\/\\\/www.aircharter.com\\\/de\\\/#\\\/schema\\\/logo\\\/image\\\/\"}},{\"@type\":\"Person\",\"@id\":\"https:\\\/\\\/www.aircharter.com\\\/de\\\/#\\\/schema\\\/person\\\/e765ec622c5a0d84aa51e5bed6b8365d\",\"name\":\"Sarah Larson\",\"image\":{\"@type\":\"ImageObject\",\"inLanguage\":\"fr-FR\",\"@id\":\"https:\\\/\\\/secure.gravatar.com\\\/avatar\\\/d27d0ede6788c82900f38edd4f7cb9ee028d07eb1e4ca1bceccebce87c12e221?s=96&r=g\",\"url\":\"https:\\\/\\\/secure.gravatar.com\\\/avatar\\\/d27d0ede6788c82900f38edd4f7cb9ee028d07eb1e4ca1bceccebce87c12e221?s=96&r=g\",\"contentUrl\":\"https:\\\/\\\/secure.gravatar.com\\\/avatar\\\/d27d0ede6788c82900f38edd4f7cb9ee028d07eb1e4ca1bceccebce87c12e221?s=96&r=g\",\"caption\":\"Sarah Larson\"}}]}<\/script>\n<!-- \/ Yoast SEO plugin. -->","yoast_head_json":{"title":"Airbus launches ACJ330neo - Aircharter","robots":{"index":"index","follow":"follow","max-snippet":"max-snippet:-1","max-image-preview":"max-image-preview:large","max-video-preview":"max-video-preview:-1"},"canonical":"https:\/\/www.aircharter.com\/airbus-launches-acj330neo\/","og_locale":"fr_FR","og_type":"article","og_title":"Airbus launches ACJ330neo - Aircharter","og_url":"https:\/\/www.aircharter.com\/airbus-launches-acj330neo\/","og_site_name":"Aircharter","article_published_time":"2017-05-27T14:28:29+00:00","article_modified_time":"2024-02-06T12:37:46+00:00","og_image":[{"width":600,"height":338,"url":"https:\/\/www.aircharter.com\/wp-content\/uploads\/2017\/05\/ACJ330neo.jpg","type":"image\/jpeg"}],"author":"Sarah Larson","twitter_card":"summary_large_image","twitter_misc":{"\u00c9crit par":"Sarah Larson","Dur\u00e9e de lecture estim\u00e9e":"1 minute"},"schema":{"@context":"https:\/\/schema.org","@graph":[{"@type":"Article","@id":"https:\/\/www.aircharter.com\/airbus-launches-acj330neo\/#article","isPartOf":{"@id":"https:\/\/www.aircharter.com\/airbus-launches-acj330neo\/"},"author":{"name":"Sarah Larson","@id":"https:\/\/www.aircharter.com\/de\/#\/schema\/person\/e765ec622c5a0d84aa51e5bed6b8365d"},"headline":"Airbus launches ACJ330neo","datePublished":"2017-05-27T14:28:29+00:00","dateModified":"2024-02-06T12:37:46+00:00","mainEntityOfPage":{"@id":"https:\/\/www.aircharter.com\/airbus-launches-acj330neo\/"},"wordCount":211,"publisher":{"@id":"https:\/\/www.aircharter.com\/de\/#organization"},"image":{"@id":"https:\/\/www.aircharter.com\/airbus-launches-acj330neo\/#primaryimage"},"thumbnailUrl":"https:\/\/www.aircharter.com\/wp-content\/uploads\/2017\/05\/ACJ330neo.jpg","articleSection":["Aircharter News"],"inLanguage":"fr-FR"},{"@type":"WebPage","@id":"https:\/\/www.aircharter.com\/airbus-launches-acj330neo\/","url":"https:\/\/www.aircharter.com\/airbus-launches-acj330neo\/","name":"Airbus launches ACJ330neo - Aircharter","isPartOf":{"@id":"https:\/\/www.aircharter.com\/de\/#website"},"primaryImageOfPage":{"@id":"https:\/\/www.aircharter.com\/airbus-launches-acj330neo\/#primaryimage"},"image":{"@id":"https:\/\/www.aircharter.com\/airbus-launches-acj330neo\/#primaryimage"},"thumbnailUrl":"https:\/\/www.aircharter.com\/wp-content\/uploads\/2017\/05\/ACJ330neo.jpg","datePublished":"2017-05-27T14:28:29+00:00","dateModified":"2024-02-06T12:37:46+00:00","breadcrumb":{"@id":"https:\/\/www.aircharter.com\/airbus-launches-acj330neo\/#breadcrumb"},"inLanguage":"fr-FR","potentialAction":[{"@type":"ReadAction","target":["https:\/\/www.aircharter.com\/airbus-launches-acj330neo\/"]}]},{"@type":"ImageObject","inLanguage":"fr-FR","@id":"https:\/\/www.aircharter.com\/airbus-launches-acj330neo\/#primaryimage","url":"https:\/\/www.aircharter.com\/wp-content\/uploads\/2017\/05\/ACJ330neo.jpg","contentUrl":"https:\/\/www.aircharter.com\/wp-content\/uploads\/2017\/05\/ACJ330neo.jpg","width":600,"height":338,"caption":"ACJ330neo"},{"@type":"BreadcrumbList","@id":"https:\/\/www.aircharter.com\/airbus-launches-acj330neo\/#breadcrumb","itemListElement":[{"@type":"ListItem","position":1,"name":"Home","item":"https:\/\/www.aircharter.com\/"},{"@type":"ListItem","position":2,"name":"Airbus launches ACJ330neo"}]},{"@type":"WebSite","@id":"https:\/\/www.aircharter.com\/de\/#website","url":"https:\/\/www.aircharter.com\/de\/","name":"Aircharter","description":"Air Charter | Private Jet Charter &amp; Rental | Fly Smarter | Hire a Business Jet","publisher":{"@id":"https:\/\/www.aircharter.com\/de\/#organization"},"potentialAction":[{"@type":"SearchAction","target":{"@type":"EntryPoint","urlTemplate":"https:\/\/www.aircharter.com\/de\/?s={search_term_string}"},"query-input":{"@type":"PropertyValueSpecification","valueRequired":true,"valueName":"search_term_string"}}],"inLanguage":"fr-FR"},{"@type":"Organization","@id":"https:\/\/www.aircharter.com\/de\/#organization","name":"Aircharter.com LLC","url":"https:\/\/www.aircharter.com\/de\/","logo":{"@type":"ImageObject","inLanguage":"fr-FR","@id":"https:\/\/www.aircharter.com\/de\/#\/schema\/logo\/image\/","url":"https:\/\/www.aircharter.com\/wp-content\/uploads\/2022\/12\/Aircharter_logo_114X1141-11.png","contentUrl":"https:\/\/www.aircharter.com\/wp-content\/uploads\/2022\/12\/Aircharter_logo_114X1141-11.png","width":114,"height":114,"caption":"Aircharter.com LLC"},"image":{"@id":"https:\/\/www.aircharter.com\/de\/#\/schema\/logo\/image\/"}},{"@type":"Person","@id":"https:\/\/www.aircharter.com\/de\/#\/schema\/person\/e765ec622c5a0d84aa51e5bed6b8365d","name":"Sarah Larson","image":{"@type":"ImageObject","inLanguage":"fr-FR","@id":"https:\/\/secure.gravatar.com\/avatar\/d27d0ede6788c82900f38edd4f7cb9ee028d07eb1e4ca1bceccebce87c12e221?s=96&r=g","url":"https:\/\/secure.gravatar.com\/avatar\/d27d0ede6788c82900f38edd4f7cb9ee028d07eb1e4ca1bceccebce87c12e221?s=96&r=g","contentUrl":"https:\/\/secure.gravatar.com\/avatar\/d27d0ede6788c82900f38edd4f7cb9ee028d07eb1e4ca1bceccebce87c12e221?s=96&r=g","caption":"Sarah Larson"}}]}},"_links":{"self":[{"href":"https:\/\/www.aircharter.com\/fr\/wp-json\/wp\/v2\/posts\/30014","targetHints":{"allow":["GET"]}}],"collection":[{"href":"https:\/\/www.aircharter.com\/fr\/wp-json\/wp\/v2\/posts"}],"about":[{"href":"https:\/\/www.aircharter.com\/fr\/wp-json\/wp\/v2\/types\/post"}],"author":[{"embeddable":true,"href":"https:\/\/www.aircharter.com\/fr\/wp-json\/wp\/v2\/users\/30"}],"replies":[{"embeddable":true,"href":"https:\/\/www.aircharter.com\/fr\/wp-json\/wp\/v2\/comments?post=30014"}],"version-history":[{"count":6,"href":"https:\/\/www.aircharter.com\/fr\/wp-json\/wp\/v2\/posts\/30014\/revisions"}],"predecessor-version":[{"id":37416,"href":"https:\/\/www.aircharter.com\/fr\/wp-json\/wp\/v2\/posts\/30014\/revisions\/37416"}],"wp:featuredmedia":[{"embeddable":true,"href":"https:\/\/www.aircharter.com\/fr\/wp-json\/wp\/v2\/media\/30015"}],"wp:attachment":[{"href":"https:\/\/www.aircharter.com\/fr\/wp-json\/wp\/v2\/media?parent=30014"}],"wp:term":[{"taxonomy":"category","embeddable":true,"href":"https:\/\/www.aircharter.com\/fr\/wp-json\/wp\/v2\/categories?post=30014"},{"taxonomy":"post_tag","embeddable":true,"href":"https:\/\/www.aircharter.com\/fr\/wp-json\/wp\/v2\/tags?post=30014"}],"curies":[{"name":"wp","href":"https:\/\/api.w.org\/{rel}","templated":true}]}}